{"id":175,"date":"2025-09-25T17:50:58","date_gmt":"2025-09-25T14:50:58","guid":{"rendered":"https:\/\/tuskim.org\/?p=175"},"modified":"2025-09-25T17:50:58","modified_gmt":"2025-09-25T14:50:58","slug":"turkiye-suriye-isbirligi-konseyi","status":"publish","type":"post","link":"https:\/\/tuskim.org\/?p=175","title":{"rendered":"T\u00fcrkiye-Suriye \u0130\u015fbirli\u011fi Konseyi"},"content":{"rendered":"\n<p><strong>T\u00fcrk\u00e7e<\/strong><br><br>T\u00fcrkiye-Suriye \u0130\u015fbirli\u011fi Konseyi Heyeti olarak, \u015eam Tabipler Odas\u0131 Ba\u015fkan\u0131 Sn. \u0130smail Khatip ve de\u011ferli Suriyeli i\u015f insanlar\u0131 heyetimizle birlikte Van Ticaret ve Sanayi Odas\u0131\u2019n\u0131 ziyaret ettik.<br>Van TSO Ba\u015fkan\u0131 Sn. Necdet Takva ve Y\u00f6netim Kurulu \u00fcyeleriyle ger\u00e7ekle\u015ftirdi\u011fimiz g\u00f6r\u00fc\u015fmede, Van\u2019\u0131n g\u00fc\u00e7l\u00fc sosyo-ekonomik potansiyelini yak\u0131ndan tan\u0131ma f\u0131rsat\u0131 bulduk. Ayn\u0131 zamanda Suriye\u2019de yeni d\u00f6nemde ya\u015fanan geli\u015fmeler, yeniden in\u015fa s\u00fcreci ve iki \u00fclke i\u015f d\u00fcnyas\u0131 aras\u0131nda kurabilece\u011fimiz i\u015fbirlikleri \u00fczerine kapsaml\u0131 bir isti\u015fare ger\u00e7ekle\u015ftirdik.<\/p>\n\n\n\n<p>Van ile Suriye aras\u0131nda ticaret ve lojistik, in\u015faat ve altyap\u0131 projeleri, g\u0131da ve gastronomi, tar\u0131m ve hayvanc\u0131l\u0131k, sa\u011fl\u0131k ve e\u011fitim, k\u00fclt\u00fcr ve turizm alanlar\u0131nda ortak \u00e7al\u0131\u015fabilece\u011fimiz \u00e7ok de\u011ferli f\u0131rsatlar oldu\u011funu g\u00f6rmek bizleri umutland\u0131rd\u0131.<\/p>\n\n\n\n<p>\u0130nan\u0131yorum ki; ortak tarihimiz, k\u00fclt\u00fcrel ba\u011flar\u0131m\u0131z ve giri\u015fimci ruhumuz sayesinde, sadece ekonomik de\u011fil, sosyal alanda da \u00f6rnek bir dayan\u0131\u015fma modeli olu\u015fturabiliriz.<br>Bu nazik ev sahipli\u011fi ve g\u00fc\u00e7l\u00fc i\u015fbirli\u011fi iradesi i\u00e7in Van Ticaret ve Sanayi Odas\u0131\u2019na ve Sn. Necdet Takva\u2019ya te\u015fekk\u00fcr ediyorum.<br>\u0130\u015fbirli\u011fiyle g\u00fc\u00e7lenecek, birlikte y\u00fckselece\u011fiz.<\/p>\n\n\n\n<hr class=\"wp-block-separator has-alpha-channel-opacity\"\/>\n\n\n\n<p><strong>\u0628\u0627\u0644\u0639\u0631\u0628\u064a\u0647<\/strong><br><br>\u0628\u0635\u0641\u062a\u0646\u0627 \u0648\u0641\u062f \u0645\u062c\u0644\u0633 \u0627\u0644\u062a\u0639\u0627\u0648\u0646 \u0627\u0644\u062a\u0631\u0643\u064a \u0627\u0644\u0633\u0648\u0631\u064a\u060c \u0642\u0645\u0646\u0627 \u0628\u0632\u064a\u0627\u0631\u0629 \u063a\u0631\u0641\u0629 \u062a\u062c\u0627\u0631\u0629 \u0648\u0635\u0646\u0627\u0639\u0629 \u0641\u0627\u0646 \u0628\u0631\u0641\u0642\u0629 \u0631\u0626\u064a\u0633 \u0646\u0642\u0627\u0628\u0629 \u0623\u0637\u0628\u0627\u0621 \u062f\u0645\u0634\u0642 \u0627\u0644\u0633\u064a\u062f \u0625\u0633\u0645\u0627\u0639\u064a\u0644 \u0627\u0644\u062e\u0637\u064a\u0628 \u0648\u0648\u0641\u062f \u0631\u062c\u0627\u0644 \u0627\u0644\u0623\u0639\u0645\u0627\u0644 \u0627\u0644\u0633\u0648\u0631\u064a\u064a\u0646 \u0627\u0644\u0643\u0631\u0627\u0645.<br>\u062e\u0644\u0627\u0644 \u0627\u062c\u062a\u0645\u0627\u0639\u0646\u0627 \u0645\u0639 \u0631\u0626\u064a\u0633 \u063a\u0631\u0641\u0629 \u062a\u062c\u0627\u0631\u0629 \u0648\u0635\u0646\u0627\u0639\u0629 \u0641\u0627\u0646 \u0627\u0644\u0633\u064a\u062f \u0646\u062c\u062f\u062a \u062a\u0642\u0648\u0649 \u0648\u0623\u0639\u0636\u0627\u0621 \u0645\u062c\u0644\u0633 \u0627\u0644\u0625\u062f\u0627\u0631\u0629\u060c \u0623\u062a\u064a\u062d\u062a \u0644\u0646\u0627 \u0627\u0644\u0641\u0631\u0635\u0629 \u0644\u0644\u062a\u0639\u0631\u0641 \u0639\u0646 \u0643\u062b\u0628 \u0639\u0644\u0649 \u0627\u0644\u0625\u0645\u0643\u0627\u0646\u0627\u062a \u0627\u0644\u0627\u062c\u062a\u0645\u0627\u0639\u064a\u0629 \u0648\u0627\u0644\u0627\u0642\u062a\u0635\u0627\u062f\u064a\u0629 \u0627\u0644\u0642\u0648\u064a\u0629 \u0627\u0644\u062a\u064a \u062a\u062a\u0645\u062a\u0639 \u0628\u0647\u0627 \u0645\u062f\u064a\u0646\u0629 \u0641\u0627\u0646. \u0643\u0645\u0627 \u0623\u062c\u0631\u064a\u0646\u0627 \u0645\u0634\u0627\u0648\u0631\u0627\u062a \u0634\u0627\u0645\u0644\u0629 \u062d\u0648\u0644 \u0627\u0644\u062a\u0637\u0648\u0631\u0627\u062a \u0627\u0644\u062c\u062f\u064a\u062f\u0629 \u0641\u064a \u0633\u0648\u0631\u064a\u0627 \u062e\u0644\u0627\u0644 \u0627\u0644\u0641\u062a\u0631\u0629 \u0627\u0644\u0631\u0627\u0647\u0646\u0629\u060c \u0648\u0639\u0645\u0644\u064a\u0629 \u0625\u0639\u0627\u062f\u0629 \u0627\u0644\u0625\u0639\u0645\u0627\u0631\u060c \u0648\u0641\u0631\u0635 \u0627\u0644\u062a\u0639\u0627\u0648\u0646 \u0627\u0644\u062a\u064a \u064a\u0645\u0643\u0646 \u0623\u0646 \u0646\u0642\u064a\u0645\u0647\u0627 \u0628\u064a\u0646 \u0645\u062c\u062a\u0645\u0639\u064a \u0627\u0644\u0623\u0639\u0645\u0627\u0644 \u0641\u064a \u0627\u0644\u0628\u0644\u062f\u064a\u0646.<\/p>\n\n\n\n<p>\u0644\u0642\u062f \u0644\u0627\u062d\u0638\u0646\u0627 \u0648\u062c\u0648\u062f \u0641\u0631\u0635 \u0642\u064a\u0645\u0629 \u0644\u0644\u062a\u0639\u0627\u0648\u0646 \u0627\u0644\u0645\u0634\u062a\u0631\u0643 \u0628\u064a\u0646 \u0641\u0627\u0646 \u0648\u0633\u0648\u0631\u064a\u0627 \u0641\u064a \u0645\u062c\u0627\u0644\u0627\u062a \u0627\u0644\u062a\u062c\u0627\u0631\u0629 \u0648\u0627\u0644\u0644\u0648\u062c\u0633\u062a\u064a\u0627\u062a\u060c \u0627\u0644\u0625\u0646\u0634\u0627\u0621\u0627\u062a \u0648\u0645\u0634\u0627\u0631\u064a\u0639 \u0627\u0644\u0628\u0646\u064a\u0629 \u0627\u0644\u062a\u062d\u062a\u064a\u0629\u060c \u0627\u0644\u0635\u0646\u0627\u0639\u0627\u062a \u0627\u0644\u063a\u0630\u0627\u0626\u064a\u0629 \u0648\u0641\u0646 \u0627\u0644\u0637\u0628\u062e\u060c \u0627\u0644\u0632\u0631\u0627\u0639\u0629 \u0648\u062a\u0631\u0628\u064a\u0629 \u0627\u0644\u0645\u0648\u0627\u0634\u064a\u060c \u0627\u0644\u0635\u062d\u0629 \u0648\u0627\u0644\u062a\u0639\u0644\u064a\u0645\u060c \u0627\u0644\u062b\u0642\u0627\u0641\u0629 \u0648\u0627\u0644\u0633\u064a\u0627\u062d\u0629.<\/p>\n\n\n\n<p>\u0623\u0646\u0627 \u0639\u0644\u0649 \u064a\u0642\u064a\u0646 \u0628\u0623\u0646\u0646\u0627\u060c \u0628\u0641\u0636\u0644 \u062a\u0627\u0631\u064a\u062e\u0646\u0627 \u0627\u0644\u0645\u0634\u062a\u0631\u0643 \u0648\u0631\u0648\u0627\u0628\u0637\u0646\u0627 \u0627\u0644\u062b\u0642\u0627\u0641\u064a\u0629 \u0648\u0631\u0648\u062d\u0646\u0627 \u0627\u0644\u0631\u064a\u0627\u062f\u064a\u0629\u060c \u0633\u0646\u062a\u0645\u0643\u0646 \u0645\u0646 \u0628\u0646\u0627\u0621 \u0646\u0645\u0648\u0630\u062c \u062a\u0636\u0627\u0645\u0646 \u0644\u0627 \u064a\u0642\u062a\u0635\u0631 \u0641\u0642\u0637 \u0639\u0644\u0649 \u0627\u0644\u0645\u062c\u0627\u0644 \u0627\u0644\u0627\u0642\u062a\u0635\u0627\u062f\u064a\u060c \u0628\u0644 \u064a\u0634\u0645\u0644 \u0623\u064a\u0636\u0627\u064b \u0627\u0644\u062c\u0627\u0646\u0628 \u0627\u0644\u0627\u062c\u062a\u0645\u0627\u0639\u064a.<br>\u0623\u062a\u0642\u062f\u0645 \u0628\u062c\u0632\u064a\u0644 \u0627\u0644\u0634\u0643\u0631 \u0625\u0644\u0649 \u063a\u0631\u0641\u0629 \u062a\u062c\u0627\u0631\u0629 \u0648\u0635\u0646\u0627\u0639\u0629 \u0641\u0627\u0646 \u0648\u0625\u0644\u0649 \u0627\u0644\u0633\u064a\u062f \u0646\u062c\u062f\u062a \u062a\u0642\u0648\u0649 \u0639\u0644\u0649 \u062d\u0633\u0646 \u0627\u0644\u0627\u0633\u062a\u0642\u0628\u0627\u0644 \u0648\u0625\u0631\u0627\u062f\u062a\u0647\u0645 \u0627\u0644\u0642\u0648\u064a\u0629 \u0641\u064a \u062f\u0639\u0645 \u0627\u0644\u062a\u0639\u0627\u0648\u0646 \u0627\u0644\u0645\u0634\u062a\u0631\u0643.<br>\u0633\u0646\u062a\u0642\u0648\u0649 \u0628\u0627\u0644\u062a\u0639\u0627\u0648\u0646\u060c \u0648\u0633\u0646\u0646\u0647\u0636 \u0645\u0639\u0627\u064b.<\/p>\n\n\n\n<hr class=\"wp-block-separator has-alpha-channel-opacity\"\/>\n\n\n\n<p><strong>English<\/strong><br><br>As the T\u00fcrkiye-Syria Cooperation Council delegation, we visited Van Chamber of Commerce and Industry with Mr. Ismail Khatip and a group of respected Syrian business leaders.<br>During our meeting with Mr. Necdet Takva, President of Van Chamber of Commerce and Industry, and the Board of Directors, we had the opportunity to closely explore Van\u2019s strong socio-economic potential. We also held comprehensive consultations on recent developments in Syria, the reconstruction process, and possible cooperation opportunities between the business communities of the two countries.<\/p>\n\n\n\n<p>We identified valuable opportunities for cooperation between Van and Syria in the fields of trade and logistics, construction and infrastructure projects, food and gastronomy, agriculture and livestock, health and education, culture and tourism.<\/p>\n\n\n\n<p>I firmly believe that with our shared history, cultural ties, and entrepreneurial spirit, we can build a model of solidarity that covers not only the economic field but also the social sphere.<br>I extend my sincere thanks to the Van Chamber of Commerce and Industry and Mr. Necdet Takva for their warm hospitality and strong commitment to cooperation.<br>We will grow stronger through cooperation and rise together.<\/p>\n\n\n\n<p>Devam\u0131n\u0131 Okumak \u0130\u00e7in :<a href=\"https:\/\/www.facebook.com\/share\/p\/19R2cugbkc\/\">https:\/\/www.facebook.com\/share\/p\/19R2cugbkc\/<\/a><\/p>\n","protected":false},"excerpt":{"rendered":"<p>T\u00fcrk\u00e7e T\u00fcrkiye-Suriye \u0130\u015fbirli\u011fi Konseyi Heyeti olarak, \u015eam Tabipler Odas\u0131 Ba\u015fkan\u0131 Sn. \u0130smail Khatip ve de\u011ferli Suriyeli i\u015f insanlar\u0131 heyetimizle birlikte Van Ticaret ve Sanayi Odas\u0131\u2019n\u0131 ziyaret ettik.Van TSO Ba\u015fkan\u0131 Sn. Necdet Takva ve Y\u00f6netim Kurulu \u00fcyeleriyle ger\u00e7ekle\u015ftirdi\u011fimiz g\u00f6r\u00fc\u015fmede, Van\u2019\u0131n g\u00fc\u00e7l\u00fc sosyo-ekonomik potansiyelini yak\u0131ndan tan\u0131ma f\u0131rsat\u0131 bulduk. Ayn\u0131 zamanda Suriye\u2019de yeni d\u00f6nemde ya\u015fanan geli\u015fmeler, yeniden in\u015fa [&hellip;]<\/p>\n","protected":false},"author":1,"featured_media":176,"comment_status":"open","ping_status":"open","sticky":false,"template":"","format":"standard","meta":{"footnotes":""},"categories":[1],"tags":[],"class_list":["post-175","post","type-post","status-publish","format-standard","has-post-thumbnail","hentry","category-genel"],"_links":{"self":[{"href":"https:\/\/tuskim.org\/index.php?rest_route=\/wp\/v2\/posts\/175","targetHints":{"allow":["GET"]}}],"collection":[{"href":"https:\/\/tuskim.org\/index.php?rest_route=\/wp\/v2\/posts"}],"about":[{"href":"https:\/\/tuskim.org\/index.php?rest_route=\/wp\/v2\/types\/post"}],"author":[{"embeddable":true,"href":"https:\/\/tuskim.org\/index.php?rest_route=\/wp\/v2\/users\/1"}],"replies":[{"embeddable":true,"href":"https:\/\/tuskim.org\/index.php?rest_route=%2Fwp%2Fv2%2Fcomments&post=175"}],"version-history":[{"count":1,"href":"https:\/\/tuskim.org\/index.php?rest_route=\/wp\/v2\/posts\/175\/revisions"}],"predecessor-version":[{"id":177,"href":"https:\/\/tuskim.org\/index.php?rest_route=\/wp\/v2\/posts\/175\/revisions\/177"}],"wp:featuredmedia":[{"embeddable":true,"href":"https:\/\/tuskim.org\/index.php?rest_route=\/wp\/v2\/media\/176"}],"wp:attachment":[{"href":"https:\/\/tuskim.org\/index.php?rest_route=%2Fwp%2Fv2%2Fmedia&parent=175"}],"wp:term":[{"taxonomy":"category","embeddable":true,"href":"https:\/\/tuskim.org\/index.php?rest_route=%2Fwp%2Fv2%2Fcategories&post=175"},{"taxonomy":"post_tag","embeddable":true,"href":"https:\/\/tuskim.org\/index.php?rest_route=%2Fwp%2Fv2%2Ftags&post=175"}],"curies":[{"name":"wp","href":"https:\/\/api.w.org\/{rel}","templated":true}]}}