{"id":169,"date":"2025-09-25T17:47:46","date_gmt":"2025-09-25T14:47:46","guid":{"rendered":"https:\/\/tuskim.org\/?p=169"},"modified":"2025-09-25T17:47:46","modified_gmt":"2025-09-25T14:47:46","slug":"turkiye-suriye-is-konseyinden-sanliurfada-temaslar","status":"publish","type":"post","link":"https:\/\/tuskim.org\/?p=169","title":{"rendered":"T\u00fcrkiye-Suriye \u0130\u015f Konseyi\u2019nden \u015eanl\u0131urfa\u2019da Temaslar"},"content":{"rendered":"\n<p>T\u00fcrkiye-Suriye \u0130\u015f Konseyi Ba\u015fkan\u0131 Sn. Mehmet Salih Balta ve \u015eam Tabipler Birli\u011fi Ba\u015fkan\u0131 Sn. \u0130smail Khatib, beraberlerinde bulunan heyetle birlikte \u015eanl\u0131urfa Valili\u011fi ve \u015eanl\u0131urfa Ticaret ve Sanayi Odas\u0131\u2019n\u0131 ziyaret etti.<\/p>\n\n\n\n<p>Ger\u00e7ekle\u015ftirilen ziyaret kapsam\u0131nda, \u015eanl\u0131urfa Ticaret ve Sanayi Odas\u0131 Y\u00f6netim Kurulu Ba\u015fkan\u0131 Sn. Mehmet Yetim ve Y\u00f6netim Kurulu \u00dcyeleri ile bir araya gelinerek, T\u00fcrkiye-Suriye \u0130\u015f Konseyi\u2019nin faaliyetleri hakk\u0131nda kapsaml\u0131 bilgi sunuldu. G\u00f6r\u00fc\u015fmelerde, iki \u00fclke aras\u0131ndaki ekonomik ili\u015fkilerin mevcut durumu de\u011ferlendirilmi\u015f, kar\u015f\u0131l\u0131kl\u0131 i\u015f birli\u011fini g\u00fc\u00e7lendirmeye y\u00f6nelik at\u0131labilecek somut ad\u0131mlar ele al\u0131nm\u0131\u015ft\u0131r.<\/p>\n\n\n\n<p>Heyet taraf\u0131ndan, ba\u015fta in\u015faat olmak \u00fczere makine, g\u0131da ve tekstil sekt\u00f6rlerindeki mevcut geli\u015fmeler hakk\u0131nda bilgi payla\u015f\u0131m\u0131 yap\u0131lm\u0131\u015f, Suriye\u2019deki ekonomik yap\u0131lanman\u0131n seyri \u00fczerine de\u011ferlendirmelerde bulunulmu\u015ftur. Bu \u00e7er\u00e7evede, sava\u015f sonras\u0131 yeniden yap\u0131lanma s\u00fcrecinde in\u015faat sekt\u00f6r\u00fcn\u00fcn lokomotif sekt\u00f6r olarak kritik bir rol \u00fcstlenece\u011fi ifade edilmi\u015ftir.<\/p>\n\n\n\n<p>Toplant\u0131da ayr\u0131ca, Suriye\u2019ye uygulanan uluslararas\u0131 yapt\u0131r\u0131mlar\u0131n kald\u0131r\u0131lmas\u0131n\u0131n, T\u00fcrkiye ile Suriye aras\u0131nda s\u00fcrd\u00fcr\u00fclebilir ticaretin ve b\u00f6lgesel ekonomik istikrar\u0131n tesisinde \u00f6nemli bir etki yarataca\u011f\u0131 vurgulanm\u0131\u015ft\u0131r.<\/p>\n\n\n\n<p>Ziyaret, iki \u00fclke aras\u0131ndaki ekonomik i\u015f birli\u011fini daha ileri seviyelere ta\u015f\u0131maya y\u00f6nelik iradenin peki\u015ftirilmesi a\u00e7\u0131s\u0131ndan son derece verimli ge\u00e7mi\u015ftir.<\/p>\n\n\n\n<p>\u2014\u2014\u2014\u2014\u2014-<\/p>\n\n\n\n<p>Turkey-Syria Business Council Holds Talks in \u015eanl\u0131urfa<\/p>\n\n\n\n<p>President of the Turkey-Syria Business Council Mr. Mehmet Salih Balta and President of the Damascus Medical Association Dr. Ismail Khatib, along with their delegation, visited the Governorship of \u015eanl\u0131urfa and the \u015eanl\u0131urfa Chamber of Commerce and Industry.<\/p>\n\n\n\n<p>During the meetings, the Council shared information about its activities and discussed the current economic situation in Syria, particularly in the construction, machinery, food, and textile sectors. The delegation emphasized the critical role of the construction sector in Syria\u2019s post-war reconstruction process and highlighted the importance of lifting international sanctions to enhance bilateral trade and economic cooperation between the two countries.<\/p>\n\n\n\n<p>\u2e3b<\/p>\n\n\n\n<p>\u0645\u062c\u0644\u0633 \u0627\u0644\u0623\u0639\u0645\u0627\u0644 \u0627\u0644\u0633\u0648\u0631\u064a \u0627\u0644\u062a\u0631\u0643\u064a \u064a\u062c\u0631\u064a \u0645\u0628\u0627\u062d\u062b\u0627\u062a \u0641\u064a \u0634\u0627\u0646\u0644\u064a \u0623\u0648\u0631\u0641\u0627<\/p>\n\n\n\n<p>\u0642\u0627\u0645 \u0631\u0626\u064a\u0633 \u0645\u062c\u0644\u0633 \u0627\u0644\u0623\u0639\u0645\u0627\u0644 \u0627\u0644\u0633\u0648\u0631\u064a \u0627\u0644\u062a\u0631\u0643\u064a \u0627\u0644\u0633\u064a\u062f \u0645\u062d\u0645\u062f \u0635\u0627\u0644\u062d \u0628\u0644\u0637\u0629\u060c \u0648\u0631\u0626\u064a\u0633 \u0646\u0642\u0627\u0628\u0629 \u0623\u0637\u0628\u0627\u0621 \u062f\u0645\u0634\u0642 \u0627\u0644\u062f\u0643\u062a\u0648\u0631 \u0625\u0633\u0645\u0627\u0639\u064a\u0644 \u0627\u0644\u062e\u0637\u064a\u0628\u060c \u0628\u0632\u064a\u0627\u0631\u0629 \u0625\u0644\u0649 \u0648\u0644\u0627\u064a\u0629 \u0634\u0627\u0646\u0644\u064a \u0623\u0648\u0631\u0641\u0627 \u0648\u063a\u0631\u0641\u0629 \u062a\u062c\u0627\u0631\u0629 \u0648\u0635\u0646\u0627\u0639\u0629 \u0634\u0627\u0646\u0644\u064a \u0623\u0648\u0631\u0641\u0627\u060c \u0628\u0631\u0641\u0642\u0629 \u0648\u0641\u062f \u0645\u0646 \u0627\u0644\u0645\u062c\u0644\u0633.<\/p>\n\n\n\n<p>\u062a\u0645 \u062e\u0644\u0627\u0644 \u0627\u0644\u0644\u0642\u0627\u0621\u0627\u062a \u062a\u0642\u062f\u064a\u0645 \u0645\u0639\u0644\u0648\u0645\u0627\u062a \u062d\u0648\u0644 \u0623\u0646\u0634\u0637\u0629 \u0627\u0644\u0645\u062c\u0644\u0633\u060c \u0648\u0645\u0646\u0627\u0642\u0634\u0629 \u0627\u0644\u0623\u0648\u0636\u0627\u0639 \u0627\u0644\u0627\u0642\u062a\u0635\u0627\u062f\u064a\u0629 \u0627\u0644\u0631\u0627\u0647\u0646\u0629 \u0641\u064a \u0633\u0648\u0631\u064a\u0627\u060c \u0644\u0627\u0633\u064a\u0645\u0627 \u0641\u064a \u0642\u0637\u0627\u0639\u0627\u062a \u0627\u0644\u0628\u0646\u0627\u0621 \u0648\u0627\u0644\u0622\u0644\u0627\u062a \u0648\u0627\u0644\u0635\u0646\u0627\u0639\u0627\u062a \u0627\u0644\u063a\u0630\u0627\u0626\u064a\u0629 \u0648\u0627\u0644\u0646\u0633\u064a\u062c\u064a\u0629. \u0643\u0645\u0627 \u0623\u0643\u062f \u0627\u0644\u0648\u0641\u062f \u0639\u0644\u0649 \u0627\u0644\u062f\u0648\u0631 \u0627\u0644\u0645\u062d\u0648\u0631\u064a \u0644\u0642\u0637\u0627\u0639 \u0627\u0644\u0628\u0646\u0627\u0621 \u0641\u064a \u0639\u0645\u0644\u064a\u0629 \u0625\u0639\u0627\u062f\u0629 \u0627\u0644\u0625\u0639\u0645\u0627\u0631 \u0628\u0639\u062f \u0627\u0644\u062d\u0631\u0628\u060c \u0645\u0634\u062f\u062f\u064a\u0646 \u0639\u0644\u0649 \u0623\u0646 \u0631\u0641\u0639 \u0627\u0644\u0639\u0642\u0648\u0628\u0627\u062a \u0627\u0644\u062f\u0648\u0644\u064a\u0629 \u0639\u0646 \u0633\u0648\u0631\u064a\u0627 \u0633\u064a\u0633\u0627\u0647\u0645 \u0628\u0634\u0643\u0644 \u0643\u0628\u064a\u0631 \u0641\u064a \u062a\u0639\u0632\u064a\u0632 \u0627\u0644\u062a\u0639\u0627\u0648\u0646 \u0627\u0644\u0627\u0642\u062a\u0635\u0627\u062f\u064a \u0648\u0627\u0644\u062a\u062c\u0627\u0631\u064a \u0628\u064a\u0646 \u0627\u0644\u0628\u0644\u062f\u064a\u0646<\/p>\n","protected":false},"excerpt":{"rendered":"<p>T\u00fcrkiye-Suriye \u0130\u015f Konseyi Ba\u015fkan\u0131 Sn. Mehmet Salih Balta ve \u015eam Tabipler Birli\u011fi Ba\u015fkan\u0131 Sn. \u0130smail Khatib, beraberlerinde bulunan heyetle birlikte \u015eanl\u0131urfa Valili\u011fi ve \u015eanl\u0131urfa Ticaret ve Sanayi Odas\u0131\u2019n\u0131 ziyaret etti. Ger\u00e7ekle\u015ftirilen ziyaret kapsam\u0131nda, \u015eanl\u0131urfa Ticaret ve Sanayi Odas\u0131 Y\u00f6netim Kurulu Ba\u015fkan\u0131 Sn. Mehmet Yetim ve Y\u00f6netim Kurulu \u00dcyeleri ile bir araya gelinerek, T\u00fcrkiye-Suriye \u0130\u015f Konseyi\u2019nin [&hellip;]<\/p>\n","protected":false},"author":1,"featured_media":170,"comment_status":"open","ping_status":"open","sticky":false,"template":"","format":"standard","meta":{"footnotes":""},"categories":[1],"tags":[],"class_list":["post-169","post","type-post","status-publish","format-standard","has-post-thumbnail","hentry","category-genel"],"_links":{"self":[{"href":"https:\/\/tuskim.org\/index.php?rest_route=\/wp\/v2\/posts\/169","targetHints":{"allow":["GET"]}}],"collection":[{"href":"https:\/\/tuskim.org\/index.php?rest_route=\/wp\/v2\/posts"}],"about":[{"href":"https:\/\/tuskim.org\/index.php?rest_route=\/wp\/v2\/types\/post"}],"author":[{"embeddable":true,"href":"https:\/\/tuskim.org\/index.php?rest_route=\/wp\/v2\/users\/1"}],"replies":[{"embeddable":true,"href":"https:\/\/tuskim.org\/index.php?rest_route=%2Fwp%2Fv2%2Fcomments&post=169"}],"version-history":[{"count":1,"href":"https:\/\/tuskim.org\/index.php?rest_route=\/wp\/v2\/posts\/169\/revisions"}],"predecessor-version":[{"id":171,"href":"https:\/\/tuskim.org\/index.php?rest_route=\/wp\/v2\/posts\/169\/revisions\/171"}],"wp:featuredmedia":[{"embeddable":true,"href":"https:\/\/tuskim.org\/index.php?rest_route=\/wp\/v2\/media\/170"}],"wp:attachment":[{"href":"https:\/\/tuskim.org\/index.php?rest_route=%2Fwp%2Fv2%2Fmedia&parent=169"}],"wp:term":[{"taxonomy":"category","embeddable":true,"href":"https:\/\/tuskim.org\/index.php?rest_route=%2Fwp%2Fv2%2Fcategories&post=169"},{"taxonomy":"post_tag","embeddable":true,"href":"https:\/\/tuskim.org\/index.php?rest_route=%2Fwp%2Fv2%2Ftags&post=169"}],"curies":[{"name":"wp","href":"https:\/\/api.w.org\/{rel}","templated":true}]}}