{"id":166,"date":"2025-09-25T17:46:40","date_gmt":"2025-09-25T14:46:40","guid":{"rendered":"https:\/\/tuskim.org\/?p=166"},"modified":"2025-09-25T17:46:41","modified_gmt":"2025-09-25T14:46:41","slug":"13-van-insaat-yapi-dekorasyon-ve-emlak-fuarinda-turkiye-suriye-is-dunyasi-bir-aradaydi","status":"publish","type":"post","link":"https:\/\/tuskim.org\/?p=166","title":{"rendered":"13. Van \u0130n\u015faat, Yap\u0131, Dekorasyon ve Emlak Fuar\u0131\u2019nda T\u00fcrkiye-Suriye \u0130\u015f D\u00fcnyas\u0131 Bir Aradayd\u0131"},"content":{"rendered":"\n<p>13. Van \u0130n\u015faat, Yap\u0131, Dekorasyon ve Emlak Fuar\u0131\u2019nda T\u00fcrkiye-Suriye \u0130\u015f D\u00fcnyas\u0131 Bir Aradayd\u0131<\/p>\n\n\n\n<p>T\u00fcrkiye-Suriye \u0130\u015f Konseyi olarak Van Ticaret ve Sanayi Odas\u0131 ev sahipli\u011finde ger\u00e7ekle\u015ftirilen 13. Van \u0130n\u015faat, Yap\u0131, Dekorasyon ve Emlak Fuar\u0131\u2019na heyetimizle birlikte kat\u0131l\u0131m sa\u011flad\u0131k. T\u00fcrk ve Suriyeli i\u015f insanlar\u0131ndan olu\u015fan heyetimizle, b\u00f6lgenin en b\u00fcy\u00fck sekt\u00f6rel bulu\u015fmalar\u0131ndan birinde yer almaktan memnuniyet duyduk.<\/p>\n\n\n\n<p>Fuar kapsam\u0131nda ger\u00e7ekle\u015ftirdi\u011fimiz temaslarda, Suriye\u2019nin yeniden yap\u0131lanmas\u0131nda in\u015faat sekt\u00f6r\u00fcn\u00fcn stratejik \u00f6nemi vurguland\u0131. Bu s\u00fcre\u00e7te, T\u00fcrk in\u015faat sekt\u00f6r\u00fc temsilcileri ve sanayicilerinin aktif rol \u00fcstlenmesi gerekti\u011fi y\u00f6n\u00fcnde g\u00fc\u00e7l\u00fc bir g\u00f6r\u00fc\u015f birli\u011fi olu\u015ftu.<\/p>\n\n\n\n<p>Heyetimiz, fuarda yer alan t\u00fcm \u015firketleri tek tek ziyaret ederek pazar hakk\u0131nda teknik bilgiler aktard\u0131 ve ikili i\u015f g\u00f6r\u00fc\u015fmeleri ger\u00e7ekle\u015ftirdi. Suriyeli i\u015f insanlar\u0131m\u0131z, kendi sekt\u00f6rlerinde faaliyet g\u00f6steren T\u00fcrk sanayicilerle geni\u015f kapsaml\u0131 ticari isti\u015farelerde bulundu.<\/p>\n\n\n\n<p>\u0130ki \u00fclke aras\u0131nda ekonomik k\u00f6pr\u00fc kuracak bu g\u00f6r\u00fc\u015fmelerin; istihdam\u0131n art\u0131r\u0131lmas\u0131na, ihracat\u0131n geli\u015fmesine ve b\u00f6lgesel kalk\u0131nman\u0131n h\u0131zlanmas\u0131na \u00f6nemli katk\u0131 sunaca\u011f\u0131na inan\u0131yoruz.<\/p>\n\n\n\n<p>Bu verimli organizasyona katk\u0131 sunan ba\u015fta Van Ticaret ve Sanayi Odas\u0131 olmak \u00fczere t\u00fcm payda\u015flara te\u015fekk\u00fcr ederiz.<\/p>\n\n\n\n<p>\u0634\u0627\u0631\u0643 \u0645\u062c\u0644\u0633 \u0627\u0644\u0623\u0639\u0645\u0627\u0644 \u0627\u0644\u062a\u0631\u0643\u064a \u0627\u0644\u0633\u0648\u0631\u064a \u0641\u064a \u0645\u0639\u0631\u0636 \u0641\u0627\u0646 \u0627\u0644\u062b\u0627\u0644\u062b \u0639\u0634\u0631 \u0644\u0644\u0628\u0646\u0627\u0621 \u0648\u0627\u0644\u0625\u0646\u0634\u0627\u0621 \u0648\u0627\u0644\u062a\u0635\u0645\u064a\u0645 \u0648\u0627\u0644\u0639\u0642\u0627\u0631\u0627\u062a\u060c \u062d\u064a\u062b \u0627\u0644\u062a\u0642\u0649 \u0631\u062c\u0627\u0644 \u0627\u0644\u0623\u0639\u0645\u0627\u0644 \u0627\u0644\u0633\u0648\u0631\u064a\u0648\u0646 \u0648\u0627\u0644\u0623\u062a\u0631\u0627\u0643 \u0641\u064a \u0641\u0639\u0627\u0644\u064a\u0627\u062a \u0627\u0644\u0645\u0639\u0631\u0636.<\/p>\n\n\n\n<p>\u062a\u0645 \u0627\u0644\u062a\u0623\u0643\u064a\u062f \u0639\u0644\u0649 \u0623\u0646 \u0642\u0637\u0627\u0639 \u0627\u0644\u0628\u0646\u0627\u0621 \u0633\u064a\u0643\u0648\u0646 \u0627\u0644\u0645\u062d\u0631\u0643 \u0627\u0644\u0623\u0633\u0627\u0633\u064a \u0641\u064a \u0625\u0639\u0627\u062f\u0629 \u0625\u0639\u0645\u0627\u0631 \u0633\u0648\u0631\u064a\u0627\u060c \u0645\u0639 \u0623\u0647\u0645\u064a\u0629 \u0627\u0644\u062f\u0648\u0631 \u0627\u0644\u0641\u0639\u0627\u0644 \u0627\u0644\u0630\u064a \u064a\u062c\u0628 \u0623\u0646 \u064a\u0644\u0639\u0628\u0647 \u0645\u0645\u062b\u0644\u0648 \u0642\u0637\u0627\u0639 \u0627\u0644\u0628\u0646\u0627\u0621 \u0648\u0627\u0644\u0635\u0646\u0627\u0639\u0629 \u0627\u0644\u0623\u062a\u0631\u0627\u0643 \u0641\u064a \u0647\u0630\u0627 \u0627\u0644\u0633\u064a\u0627\u0642.<\/p>\n\n\n\n<p>\u0642\u0627\u0645 \u0627\u0644\u0648\u0641\u062f \u0628\u0632\u064a\u0627\u0631\u0629 \u062c\u0645\u064a\u0639 \u0627\u0644\u0634\u0631\u0643\u0627\u062a \u0627\u0644\u0645\u0634\u0627\u0631\u0643\u0629 \u0641\u064a \u0627\u0644\u0645\u0639\u0631\u0636\u060c \u0648\u0642\u062f\u0645 \u0645\u0639\u0644\u0648\u0645\u0627\u062a \u0641\u0646\u064a\u0629 \u0639\u0646 \u0627\u0644\u0633\u0648\u0642\u060c \u0648\u062a\u0645 \u062a\u0646\u0638\u064a\u0645 \u0644\u0642\u0627\u0621\u0627\u062a \u062b\u0646\u0627\u0626\u064a\u0629 \u0628\u064a\u0646 \u0631\u062c\u0627\u0644 \u0627\u0644\u0623\u0639\u0645\u0627\u0644 \u0627\u0644\u0633\u0648\u0631\u064a\u064a\u0646 \u0648\u0646\u0638\u0631\u0627\u0626\u0647\u0645 \u0627\u0644\u0623\u062a\u0631\u0627\u0643.<\/p>\n\n\n\n<p>\u062a\u064f\u0639\u062f \u0647\u0630\u0647 \u0627\u0644\u0644\u0642\u0627\u0621\u0627\u062a \u0627\u0644\u062a\u062c\u0627\u0631\u064a\u0629 \u062c\u0633\u0631\u064b\u0627 \u0628\u064a\u0646 \u0627\u0644\u0628\u0644\u062f\u064a\u0646\u060c \u0648\u0645\u0646 \u0627\u0644\u0645\u062a\u0648\u0642\u0639 \u0623\u0646 \u062a\u0633\u0647\u0645 \u0641\u064a \u0632\u064a\u0627\u062f\u0629 \u0641\u0631\u0635 \u0627\u0644\u0639\u0645\u0644 \u0648\u0627\u0644\u0635\u0627\u062f\u0631\u0627\u062a \u0648\u062a\u0639\u0632\u064a\u0632 \u0627\u0644\u062a\u0646\u0645\u064a\u0629 \u0627\u0644\u0627\u0642\u062a\u0635\u0627\u062f\u064a\u0629.<\/p>\n\n\n\n<p>\u2e3b<\/p>\n\n\n\n<p>English Summary:<\/p>\n\n\n\n<p>The Turkish-Syrian Business Council participated in the 13th Van Construction, Building, Decoration, and Real Estate Fair, bringing together Turkish and Syrian businesspeople.<\/p>\n\n\n\n<p>The delegation emphasized the pivotal role of the construction sector in Syria\u2019s reconstruction and the importance of active involvement by Turkish construction and industrial firms in this process.<\/p>\n\n\n\n<p>All participating companies at the fair were visited, technical market insights were shared, and B2B meetings were held between Syrian entrepreneurs and Turkish industrialists.<\/p>\n\n\n\n<p>These commercial engagements are expected to serve as a bridge between the two countries, contributing significantly to employment growth, export expansion, and regional development.<\/p>\n","protected":false},"excerpt":{"rendered":"<p>13. Van \u0130n\u015faat, Yap\u0131, Dekorasyon ve Emlak Fuar\u0131\u2019nda T\u00fcrkiye-Suriye \u0130\u015f D\u00fcnyas\u0131 Bir Aradayd\u0131 T\u00fcrkiye-Suriye \u0130\u015f Konseyi olarak Van Ticaret ve Sanayi Odas\u0131 ev sahipli\u011finde ger\u00e7ekle\u015ftirilen 13. Van \u0130n\u015faat, Yap\u0131, Dekorasyon ve Emlak Fuar\u0131\u2019na heyetimizle birlikte kat\u0131l\u0131m sa\u011flad\u0131k. T\u00fcrk ve Suriyeli i\u015f insanlar\u0131ndan olu\u015fan heyetimizle, b\u00f6lgenin en b\u00fcy\u00fck sekt\u00f6rel bulu\u015fmalar\u0131ndan birinde yer almaktan memnuniyet duyduk. Fuar [&hellip;]<\/p>\n","protected":false},"author":1,"featured_media":167,"comment_status":"open","ping_status":"open","sticky":false,"template":"","format":"standard","meta":{"footnotes":""},"categories":[1],"tags":[],"class_list":["post-166","post","type-post","status-publish","format-standard","has-post-thumbnail","hentry","category-genel"],"_links":{"self":[{"href":"https:\/\/tuskim.org\/index.php?rest_route=\/wp\/v2\/posts\/166","targetHints":{"allow":["GET"]}}],"collection":[{"href":"https:\/\/tuskim.org\/index.php?rest_route=\/wp\/v2\/posts"}],"about":[{"href":"https:\/\/tuskim.org\/index.php?rest_route=\/wp\/v2\/types\/post"}],"author":[{"embeddable":true,"href":"https:\/\/tuskim.org\/index.php?rest_route=\/wp\/v2\/users\/1"}],"replies":[{"embeddable":true,"href":"https:\/\/tuskim.org\/index.php?rest_route=%2Fwp%2Fv2%2Fcomments&post=166"}],"version-history":[{"count":1,"href":"https:\/\/tuskim.org\/index.php?rest_route=\/wp\/v2\/posts\/166\/revisions"}],"predecessor-version":[{"id":168,"href":"https:\/\/tuskim.org\/index.php?rest_route=\/wp\/v2\/posts\/166\/revisions\/168"}],"wp:featuredmedia":[{"embeddable":true,"href":"https:\/\/tuskim.org\/index.php?rest_route=\/wp\/v2\/media\/167"}],"wp:attachment":[{"href":"https:\/\/tuskim.org\/index.php?rest_route=%2Fwp%2Fv2%2Fmedia&parent=166"}],"wp:term":[{"taxonomy":"category","embeddable":true,"href":"https:\/\/tuskim.org\/index.php?rest_route=%2Fwp%2Fv2%2Fcategories&post=166"},{"taxonomy":"post_tag","embeddable":true,"href":"https:\/\/tuskim.org\/index.php?rest_route=%2Fwp%2Fv2%2Ftags&post=166"}],"curies":[{"name":"wp","href":"https:\/\/api.w.org\/{rel}","templated":true}]}}